{"id":295878,"date":"2022-03-15T10:53:06","date_gmt":"2022-03-15T09:53:06","guid":{"rendered":"https:\/\/www.marah.ch\/?p=295878"},"modified":"2022-03-17T09:07:08","modified_gmt":"2022-03-17T08:07:08","slug":"benvenuta-primavera","status":"publish","type":"post","link":"https:\/\/www.marah.ch\/it\/benvenuta-primavera\/","title":{"rendered":"Benvenuta primavera"},"content":{"rendered":"\t\t<div data-elementor-type=\"wp-post\" data-elementor-id=\"295878\" class=\"elementor elementor-295878\" data-elementor-post-type=\"post\">\n\t\t\t\t\t\t<section class=\"elementor-section elementor-top-section elementor-element elementor-element-21a3723 elementor-section-boxed elementor-section-height-default elementor-section-height-default\" data-id=\"21a3723\" data-element_type=\"section\" data-e-type=\"section\" data-settings=\"{&quot;jet_parallax_layout_list&quot;:[{&quot;jet_parallax_layout_image&quot;:{&quot;url&quot;:&quot;&quot;,&quot;id&quot;:&quot;&quot;,&quot;size&quot;:&quot;&quot;},&quot;_id&quot;:&quot;54a58b4&quot;,&quot;jet_parallax_layout_image_tablet&quot;:{&quot;url&quot;:&quot;&quot;,&quot;id&quot;:&quot;&quot;,&quot;size&quot;:&quot;&quot;},&quot;jet_parallax_layout_image_mobile&quot;:{&quot;url&quot;:&quot;&quot;,&quot;id&quot;:&quot;&quot;,&quot;size&quot;:&quot;&quot;},&quot;jet_parallax_layout_speed&quot;:{&quot;unit&quot;:&quot;%&quot;,&quot;size&quot;:50,&quot;sizes&quot;:[]},&quot;jet_parallax_layout_type&quot;:&quot;scroll&quot;,&quot;jet_parallax_layout_direction&quot;:&quot;1&quot;,&quot;jet_parallax_layout_fx_direction&quot;:null,&quot;jet_parallax_layout_z_index&quot;:&quot;&quot;,&quot;jet_parallax_layout_bg_x&quot;:50,&quot;jet_parallax_layout_bg_x_tablet&quot;:&quot;&quot;,&quot;jet_parallax_layout_bg_x_mobile&quot;:&quot;&quot;,&quot;jet_parallax_layout_bg_y&quot;:50,&quot;jet_parallax_layout_bg_y_tablet&quot;:&quot;&quot;,&quot;jet_parallax_layout_bg_y_mobile&quot;:&quot;&quot;,&quot;jet_parallax_layout_bg_size&quot;:&quot;auto&quot;,&quot;jet_parallax_layout_bg_size_tablet&quot;:&quot;&quot;,&quot;jet_parallax_layout_bg_size_mobile&quot;:&quot;&quot;,&quot;jet_parallax_layout_animation_prop&quot;:&quot;transform&quot;,&quot;jet_parallax_layout_on&quot;:[&quot;desktop&quot;,&quot;tablet&quot;]}]}\">\n\t\t\t\t\t\t<div class=\"elementor-container elementor-column-gap-default\">\n\t\t\t\t\t<div class=\"elementor-column elementor-col-100 elementor-top-column elementor-element elementor-element-1d95ccd\" data-id=\"1d95ccd\" data-element_type=\"column\" data-e-type=\"column\">\n\t\t\t<div class=\"elementor-widget-wrap elementor-element-populated\">\n\t\t\t\t\t\t<div class=\"elementor-element elementor-element-a4dd03d elementor-widget elementor-widget-text-editor\" data-id=\"a4dd03d\" data-element_type=\"widget\" data-e-type=\"widget\" data-widget_type=\"text-editor.default\">\n\t\t\t\t<div class=\"elementor-widget-container\">\n\t\t\t\t\t\t\t\t\t<p>L\u2019arrivo della primavera \u00e9 una magia della natura, risveglia in tutti noi la voglia di vivere, di star bene e di guardare avanti con il sorriso. Quest\u2019anno, pi\u00f9 di qualsiasi altro anno, la stavamo tutti aspettando con impazienza ma pare che \u00a0la tanto attesa serenit\u00e0 ancora non ci sia concessa.<\/p><p>Si stava meglio quando si stava peggio mi vien da dire! La guerra \u00e8 il male pi\u00f9 grande che un essere umano possa mai sperimentare! Il sentirsi impotenti davanti a drammi come quello della guerra non ci ha per\u00f2 tolto il desiderio di aiutare chi la sta subendo. Ognuno a modo suo sta facendo del suo meglio e questi gesti danno speranza.<br \/>Si sa che tante avversit\u00e0 tutte insieme non giovano al morale di chi \u00e8 pi\u00f9 sensibile e nel mio piccolo vorrei essere di aiuto proprio in questo ambito.<br \/>Alleviare lo stress, dare pace e gioia sar\u00e0 il mio contributo.<\/p><p>Organizzo un ritrovo dove poter presentare un dispositivo dotato di programmi ideati per aiutare chi soffre di ansia, di depressione, di insonnia, di mal umore, di dolori vari e tanto altro. Presenter\u00f2 il <a href=\"https:\/\/www.marah.ch\/it\/prodotto\/micro-mat-2\/\" target=\"_blank\" rel=\"noopener\" data-cke-saved-href=\"https:\/\/www.marah.ch\/it\/prodotto\/micro-mat-2\/\">MyMat<\/a>, un piccolo e morbido cuscinetto che emette onde elettromagnetiche pulsate. Emette le frequenze sane dei nostri organi, delle notre emozioni, ridona la corretta vibrazione che permette di nuovo la comunicazione tra gli organi ristabilendo un benessere generale.<\/p><p>\u00a0<\/p><h4>Metter\u00f2 a disposizione il mio tempo, il negozio e <a href=\"https:\/\/www.marah.ch\/it\/prodotto\/micro-mat-2\/\" target=\"_blank\" rel=\"noopener\" data-cke-saved-href=\"https:\/\/www.marah.ch\/it\/prodotto\/micro-mat-2\/\">MyMat<\/a> gratuitamente per tutti coloro che sentono il bisogno di un aiuto per stare pi\u00f9 sereni.<\/h4>\t\t\t\t\t\t\t\t<\/div>\n\t\t\t\t<\/div>\n\t\t\t\t\t<\/div>\n\t\t<\/div>\n\t\t\t\t\t<\/div>\n\t\t<\/section>\n\t\t\t\t<section class=\"elementor-section elementor-top-section elementor-element elementor-element-53be417 elementor-section-content-middle elementor-section-boxed elementor-section-height-default elementor-section-height-default\" data-id=\"53be417\" data-element_type=\"section\" data-e-type=\"section\" data-settings=\"{&quot;jet_parallax_layout_list&quot;:[{&quot;jet_parallax_layout_image&quot;:{&quot;url&quot;:&quot;&quot;,&quot;id&quot;:&quot;&quot;,&quot;size&quot;:&quot;&quot;},&quot;_id&quot;:&quot;54a58b4&quot;,&quot;jet_parallax_layout_image_tablet&quot;:{&quot;url&quot;:&quot;&quot;,&quot;id&quot;:&quot;&quot;,&quot;size&quot;:&quot;&quot;},&quot;jet_parallax_layout_image_mobile&quot;:{&quot;url&quot;:&quot;&quot;,&quot;id&quot;:&quot;&quot;,&quot;size&quot;:&quot;&quot;},&quot;jet_parallax_layout_speed&quot;:{&quot;unit&quot;:&quot;%&quot;,&quot;size&quot;:50,&quot;sizes&quot;:[]},&quot;jet_parallax_layout_type&quot;:&quot;scroll&quot;,&quot;jet_parallax_layout_direction&quot;:&quot;1&quot;,&quot;jet_parallax_layout_fx_direction&quot;:null,&quot;jet_parallax_layout_z_index&quot;:&quot;&quot;,&quot;jet_parallax_layout_bg_x&quot;:50,&quot;jet_parallax_layout_bg_x_tablet&quot;:&quot;&quot;,&quot;jet_parallax_layout_bg_x_mobile&quot;:&quot;&quot;,&quot;jet_parallax_layout_bg_y&quot;:50,&quot;jet_parallax_layout_bg_y_tablet&quot;:&quot;&quot;,&quot;jet_parallax_layout_bg_y_mobile&quot;:&quot;&quot;,&quot;jet_parallax_layout_bg_size&quot;:&quot;auto&quot;,&quot;jet_parallax_layout_bg_size_tablet&quot;:&quot;&quot;,&quot;jet_parallax_layout_bg_size_mobile&quot;:&quot;&quot;,&quot;jet_parallax_layout_animation_prop&quot;:&quot;transform&quot;,&quot;jet_parallax_layout_on&quot;:[&quot;desktop&quot;,&quot;tablet&quot;]}]}\">\n\t\t\t\t\t\t<div class=\"elementor-container elementor-column-gap-default\">\n\t\t\t\t\t<div class=\"elementor-column elementor-col-50 elementor-top-column elementor-element elementor-element-698b94d\" data-id=\"698b94d\" data-element_type=\"column\" data-e-type=\"column\">\n\t\t\t<div class=\"elementor-widget-wrap elementor-element-populated\">\n\t\t\t\t\t\t<div class=\"elementor-element elementor-element-de3763c elementor-widget elementor-widget-text-editor\" data-id=\"de3763c\" data-element_type=\"widget\" data-e-type=\"widget\" data-widget_type=\"text-editor.default\">\n\t\t\t\t<div class=\"elementor-widget-container\">\n\t\t\t\t\t\t\t\t\t<p>Dal 19 al 24 marzo dalle ore 15.00 presso il negozio \u201cLa Sana Chiacchiera\u201d in via Crocetta a Caslano avrete modo di provarlo per valutarne la sua potenzialit\u00e0.<\/p><p>Verr\u00e0 inoltre consegnato un buono di <b>Fr. 100.00<\/b> a chi fosse interessato all\u2019acquisto.<\/p>\t\t\t\t\t\t\t\t<\/div>\n\t\t\t\t<\/div>\n\t\t\t\t\t<\/div>\n\t\t<\/div>\n\t\t\t\t<div class=\"elementor-column elementor-col-50 elementor-top-column elementor-element elementor-element-a8ae880\" data-id=\"a8ae880\" data-element_type=\"column\" data-e-type=\"column\">\n\t\t\t<div class=\"elementor-widget-wrap elementor-element-populated\">\n\t\t\t\t\t\t<div class=\"elementor-element elementor-element-5074a73 elementor-widget elementor-widget-image\" data-id=\"5074a73\" data-element_type=\"widget\" data-e-type=\"widget\" data-widget_type=\"image.default\">\n\t\t\t\t<div class=\"elementor-widget-container\">\n\t\t\t\t\t\t\t\t\t\t\t\t\t\t\t<img fetchpriority=\"high\" decoding=\"async\" width=\"265\" height=\"191\" src=\"https:\/\/www.marah.ch\/wp-content\/uploads\/2022\/03\/MAR_Newsletter03.2022.jpg\" class=\"attachment-full size-full wp-image-295882\" alt=\"\">\t\t\t\t\t\t\t\t\t\t\t\t\t\t\t<\/div>\n\t\t\t\t<\/div>\n\t\t\t\t\t<\/div>\n\t\t<\/div>\n\t\t\t\t\t<\/div>\n\t\t<\/section>\n\t\t\t\t<section class=\"elementor-section elementor-top-section elementor-element elementor-element-c785468 elementor-section-boxed elementor-section-height-default elementor-section-height-default\" data-id=\"c785468\" data-element_type=\"section\" data-e-type=\"section\" data-settings=\"{&quot;jet_parallax_layout_list&quot;:[{&quot;jet_parallax_layout_image&quot;:{&quot;url&quot;:&quot;&quot;,&quot;id&quot;:&quot;&quot;,&quot;size&quot;:&quot;&quot;},&quot;_id&quot;:&quot;54a58b4&quot;,&quot;jet_parallax_layout_image_tablet&quot;:{&quot;url&quot;:&quot;&quot;,&quot;id&quot;:&quot;&quot;,&quot;size&quot;:&quot;&quot;},&quot;jet_parallax_layout_image_mobile&quot;:{&quot;url&quot;:&quot;&quot;,&quot;id&quot;:&quot;&quot;,&quot;size&quot;:&quot;&quot;},&quot;jet_parallax_layout_speed&quot;:{&quot;unit&quot;:&quot;%&quot;,&quot;size&quot;:50,&quot;sizes&quot;:[]},&quot;jet_parallax_layout_type&quot;:&quot;scroll&quot;,&quot;jet_parallax_layout_direction&quot;:&quot;1&quot;,&quot;jet_parallax_layout_fx_direction&quot;:null,&quot;jet_parallax_layout_z_index&quot;:&quot;&quot;,&quot;jet_parallax_layout_bg_x&quot;:50,&quot;jet_parallax_layout_bg_x_tablet&quot;:&quot;&quot;,&quot;jet_parallax_layout_bg_x_mobile&quot;:&quot;&quot;,&quot;jet_parallax_layout_bg_y&quot;:50,&quot;jet_parallax_layout_bg_y_tablet&quot;:&quot;&quot;,&quot;jet_parallax_layout_bg_y_mobile&quot;:&quot;&quot;,&quot;jet_parallax_layout_bg_size&quot;:&quot;auto&quot;,&quot;jet_parallax_layout_bg_size_tablet&quot;:&quot;&quot;,&quot;jet_parallax_layout_bg_size_mobile&quot;:&quot;&quot;,&quot;jet_parallax_layout_animation_prop&quot;:&quot;transform&quot;,&quot;jet_parallax_layout_on&quot;:[&quot;desktop&quot;,&quot;tablet&quot;]}]}\">\n\t\t\t\t\t\t<div class=\"elementor-container elementor-column-gap-default\">\n\t\t\t\t\t<div class=\"elementor-column elementor-col-100 elementor-top-column elementor-element elementor-element-c96ea43\" data-id=\"c96ea43\" data-element_type=\"column\" data-e-type=\"column\">\n\t\t\t<div class=\"elementor-widget-wrap elementor-element-populated\">\n\t\t\t\t\t\t<div class=\"elementor-element elementor-element-c8d3918 elementor-widget elementor-widget-text-editor\" data-id=\"c8d3918\" data-element_type=\"widget\" data-e-type=\"widget\" data-widget_type=\"text-editor.default\">\n\t\t\t\t<div class=\"elementor-widget-container\">\n\t\t\t\t\t\t\t\t\t<p>Per una questione organizzativa vi prego di annunciarvi allo <a href=\"tel:0041794165637\" target=\"_blank\" rel=\"noopener\" data-cke-saved-href=\"tel:0041794165637\">079 416 56 37<\/a>.\u00a0<\/p><p>\u00a0<\/p><p>In aprile (22-23-24) sar\u00f2 al Salon des th\u00e9rapies naturelles \u00e0 Morges, dove proporr\u00f2 il buono fino al \u00a022 maggio 2022. Se vi foste persi quello ticinese potrete scaricare qui il buono romando:<\/p>\t\t\t\t\t\t\t\t<\/div>\n\t\t\t\t<\/div>\n\t\t\t\t<div class=\"elementor-element elementor-element-66ccd4c elementor-align-center elementor-widget elementor-widget-button\" data-id=\"66ccd4c\" data-element_type=\"widget\" data-e-type=\"widget\" data-widget_type=\"button.default\">\n\t\t\t\t<div class=\"elementor-widget-container\">\n\t\t\t\t\t\t\t\t\t<div class=\"elementor-button-wrapper\">\n\t\t\t\t\t<a class=\"elementor-button elementor-button-link elementor-size-md\" href=\"https:\/\/www.marah.ch\/wp-content\/uploads\/2022\/03\/BonCadeau_MyMatGo_042022.pdf\" target=\"_blank\">\n\t\t\t\t\t\t<span class=\"elementor-button-content-wrapper\">\n\t\t\t\t\t\t\t\t\t<span class=\"elementor-button-text\">Scarica il buono<\/span>\n\t\t\t\t\t<\/span>\n\t\t\t\t\t<\/a>\n\t\t\t\t<\/div>\n\t\t\t\t\t\t\t\t<\/div>\n\t\t\t\t<\/div>\n\t\t\t\t\t<\/div>\n\t\t<\/div>\n\t\t\t\t\t<\/div>\n\t\t<\/section>\n\t\t\t\t<section class=\"elementor-section elementor-top-section elementor-element elementor-element-88403c2 elementor-section-boxed elementor-section-height-default elementor-section-height-default\" data-id=\"88403c2\" data-element_type=\"section\" data-e-type=\"section\" data-settings=\"{&quot;jet_parallax_layout_list&quot;:[{&quot;jet_parallax_layout_image&quot;:{&quot;url&quot;:&quot;&quot;,&quot;id&quot;:&quot;&quot;,&quot;size&quot;:&quot;&quot;},&quot;_id&quot;:&quot;54a58b4&quot;,&quot;jet_parallax_layout_image_tablet&quot;:{&quot;url&quot;:&quot;&quot;,&quot;id&quot;:&quot;&quot;,&quot;size&quot;:&quot;&quot;},&quot;jet_parallax_layout_image_mobile&quot;:{&quot;url&quot;:&quot;&quot;,&quot;id&quot;:&quot;&quot;,&quot;size&quot;:&quot;&quot;},&quot;jet_parallax_layout_speed&quot;:{&quot;unit&quot;:&quot;%&quot;,&quot;size&quot;:50,&quot;sizes&quot;:[]},&quot;jet_parallax_layout_type&quot;:&quot;scroll&quot;,&quot;jet_parallax_layout_direction&quot;:&quot;1&quot;,&quot;jet_parallax_layout_fx_direction&quot;:null,&quot;jet_parallax_layout_z_index&quot;:&quot;&quot;,&quot;jet_parallax_layout_bg_x&quot;:50,&quot;jet_parallax_layout_bg_x_tablet&quot;:&quot;&quot;,&quot;jet_parallax_layout_bg_x_mobile&quot;:&quot;&quot;,&quot;jet_parallax_layout_bg_y&quot;:50,&quot;jet_parallax_layout_bg_y_tablet&quot;:&quot;&quot;,&quot;jet_parallax_layout_bg_y_mobile&quot;:&quot;&quot;,&quot;jet_parallax_layout_bg_size&quot;:&quot;auto&quot;,&quot;jet_parallax_layout_bg_size_tablet&quot;:&quot;&quot;,&quot;jet_parallax_layout_bg_size_mobile&quot;:&quot;&quot;,&quot;jet_parallax_layout_animation_prop&quot;:&quot;transform&quot;,&quot;jet_parallax_layout_on&quot;:[&quot;desktop&quot;,&quot;tablet&quot;]}]}\">\n\t\t\t\t\t\t<div class=\"elementor-container elementor-column-gap-default\">\n\t\t\t\t\t<div class=\"elementor-column elementor-col-100 elementor-top-column elementor-element elementor-element-5aa6046\" data-id=\"5aa6046\" data-element_type=\"column\" data-e-type=\"column\">\n\t\t\t<div class=\"elementor-widget-wrap elementor-element-populated\">\n\t\t\t\t\t\t<div class=\"elementor-element elementor-element-8f7eaeb elementor-widget elementor-widget-text-editor\" data-id=\"8f7eaeb\" data-element_type=\"widget\" data-e-type=\"widget\" data-widget_type=\"text-editor.default\">\n\t\t\t\t<div class=\"elementor-widget-container\">\n\t\t\t\t\t\t\t\t\t<p>In attesa di vedervi numerosi\u00a0vi saluto e vi abbraccio forte.<br \/><strong>Rita Stark<\/strong><\/p>\t\t\t\t\t\t\t\t<\/div>\n\t\t\t\t<\/div>\n\t\t\t\t\t<\/div>\n\t\t<\/div>\n\t\t\t\t\t<\/div>\n\t\t<\/section>\n\t\t\t\t<\/div>\n\t\t","protected":false},"excerpt":{"rendered":"<p>L\u2019arrivo della primavera \u00e9 una magia della natura, risveglia in tutti noi la voglia di vivere, di star bene e di guardare avanti con il sorriso. Quest\u2019anno, pi\u00f9 di qualsiasi altro anno, la stavamo tutti aspettando con impazienza ma pare che &nbsp;la tanto attesa serenit\u00e0 ancora non ci sia concessa. Si stava meglio quando si [&hellip;]<\/p>\n","protected":false},"author":1,"featured_media":295912,"comment_status":"open","ping_status":"open","sticky":false,"template":"","format":"standard","meta":{"_acf_changed":false,"footnotes":""},"categories":[1],"tags":[],"class_list":["post-295878","post","type-post","status-publish","format-standard","has-post-thumbnail","hentry","category-news"],"acf":[],"_links":{"self":[{"href":"https:\/\/www.marah.ch\/it\/wp-json\/wp\/v2\/posts\/295878","targetHints":{"allow":["GET"]}}],"collection":[{"href":"https:\/\/www.marah.ch\/it\/wp-json\/wp\/v2\/posts"}],"about":[{"href":"https:\/\/www.marah.ch\/it\/wp-json\/wp\/v2\/types\/post"}],"author":[{"embeddable":true,"href":"https:\/\/www.marah.ch\/it\/wp-json\/wp\/v2\/users\/1"}],"replies":[{"embeddable":true,"href":"https:\/\/www.marah.ch\/it\/wp-json\/wp\/v2\/comments?post=295878"}],"version-history":[{"count":20,"href":"https:\/\/www.marah.ch\/it\/wp-json\/wp\/v2\/posts\/295878\/revisions"}],"predecessor-version":[{"id":295916,"href":"https:\/\/www.marah.ch\/it\/wp-json\/wp\/v2\/posts\/295878\/revisions\/295916"}],"wp:featuredmedia":[{"embeddable":true,"href":"https:\/\/www.marah.ch\/it\/wp-json\/wp\/v2\/media\/295912"}],"wp:attachment":[{"href":"https:\/\/www.marah.ch\/it\/wp-json\/wp\/v2\/media?parent=295878"}],"wp:term":[{"taxonomy":"category","embeddable":true,"href":"https:\/\/www.marah.ch\/it\/wp-json\/wp\/v2\/categories?post=295878"},{"taxonomy":"post_tag","embeddable":true,"href":"https:\/\/www.marah.ch\/it\/wp-json\/wp\/v2\/tags?post=295878"}],"curies":[{"name":"wp","href":"https:\/\/api.w.org\/{rel}","templated":true}]}}