{"id":295880,"date":"2022-03-15T10:32:44","date_gmt":"2022-03-15T09:32:44","guid":{"rendered":"https:\/\/www.marah.ch\/?p=295880"},"modified":"2022-04-01T13:11:15","modified_gmt":"2022-04-01T11:11:15","slug":"nous-voila-de-nouveau-au-salon-stand-126","status":"publish","type":"post","link":"https:\/\/www.marah.ch\/fr\/nous-voila-de-nouveau-au-salon-stand-126\/","title":{"rendered":"Nous voil\u00e0 de nouveau au salon ! Stand 126"},"content":{"rendered":"\t\t<div data-elementor-type=\"wp-post\" data-elementor-id=\"295880\" class=\"elementor elementor-295880 elementor-295878\" data-elementor-post-type=\"post\">\n\t\t\t\t\t\t<section class=\"elementor-section elementor-top-section elementor-element elementor-element-21a3723 elementor-section-boxed elementor-section-height-default elementor-section-height-default\" data-id=\"21a3723\" data-element_type=\"section\" data-e-type=\"section\" data-settings=\"{&quot;jet_parallax_layout_list&quot;:[{&quot;jet_parallax_layout_image&quot;:{&quot;url&quot;:&quot;&quot;,&quot;id&quot;:&quot;&quot;,&quot;size&quot;:&quot;&quot;},&quot;_id&quot;:&quot;54a58b4&quot;,&quot;jet_parallax_layout_image_tablet&quot;:{&quot;url&quot;:&quot;&quot;,&quot;id&quot;:&quot;&quot;,&quot;size&quot;:&quot;&quot;},&quot;jet_parallax_layout_image_mobile&quot;:{&quot;url&quot;:&quot;&quot;,&quot;id&quot;:&quot;&quot;,&quot;size&quot;:&quot;&quot;},&quot;jet_parallax_layout_speed&quot;:{&quot;unit&quot;:&quot;%&quot;,&quot;size&quot;:50,&quot;sizes&quot;:[]},&quot;jet_parallax_layout_type&quot;:&quot;scroll&quot;,&quot;jet_parallax_layout_direction&quot;:&quot;1&quot;,&quot;jet_parallax_layout_fx_direction&quot;:null,&quot;jet_parallax_layout_z_index&quot;:&quot;&quot;,&quot;jet_parallax_layout_bg_x&quot;:50,&quot;jet_parallax_layout_bg_x_tablet&quot;:&quot;&quot;,&quot;jet_parallax_layout_bg_x_mobile&quot;:&quot;&quot;,&quot;jet_parallax_layout_bg_y&quot;:50,&quot;jet_parallax_layout_bg_y_tablet&quot;:&quot;&quot;,&quot;jet_parallax_layout_bg_y_mobile&quot;:&quot;&quot;,&quot;jet_parallax_layout_bg_size&quot;:&quot;auto&quot;,&quot;jet_parallax_layout_bg_size_tablet&quot;:&quot;&quot;,&quot;jet_parallax_layout_bg_size_mobile&quot;:&quot;&quot;,&quot;jet_parallax_layout_animation_prop&quot;:&quot;transform&quot;,&quot;jet_parallax_layout_on&quot;:[&quot;desktop&quot;,&quot;tablet&quot;]}]}\">\n\t\t\t\t\t\t<div class=\"elementor-container elementor-column-gap-default\">\n\t\t\t\t\t<div class=\"elementor-column elementor-col-100 elementor-top-column elementor-element elementor-element-1d95ccd\" data-id=\"1d95ccd\" data-element_type=\"column\" data-e-type=\"column\">\n\t\t\t<div class=\"elementor-widget-wrap elementor-element-populated\">\n\t\t\t\t\t\t<div class=\"elementor-element elementor-element-a4dd03d elementor-widget elementor-widget-text-editor\" data-id=\"a4dd03d\" data-element_type=\"widget\" data-e-type=\"widget\" data-widget_type=\"text-editor.default\">\n\t\t\t\t<div class=\"elementor-widget-container\">\n\t\t\t\t\t\t\t\t\t<p>Enfin, je vais pouvoir vous revoir, enfin les Salons ont rouvert leurs portes \u00e0 ceux qui s&rsquo;int\u00e9ressent \u00e0 leur bien-\u00eatre physique et moral.<\/p><p>Du 22 au 24 avril 2022, je serai pr\u00e9sente au <strong>Salon des Th\u00e9rapies naturelles \u00e0 Morges<\/strong>. Pour c\u00e9l\u00e9brer cet \u00e9v\u00e9nement tant attendu, vous pourrez profiter de nombreuses r\u00e9ductions sur les aimants Marah.<\/p><p>De plus, comme au Tessin j&rsquo;offre des s\u00e9ances MyMat gratuites \u00e0 ceux qui souffrent d&rsquo;anxi\u00e9t\u00e9 et de d\u00e9pression et que j&rsquo;offre un bon de Fr. 100.00 \u00e0 ceux qui veulent l&rsquo;acheter, j&rsquo;ai pens\u00e9 \u00e9largir ce bon \u00e0 toute la Suisse. Lors du Salon vous pouvez essayer le MyMat et, \u00e0 partir du 22 avril au 22 mai 2022, vous pouvez \u00e9conomiser Fr. 100.00 si vous d\u00e9cidez d&rsquo;en acheter un.<\/p><p>Le bon de Fr. 100.00 peut \u00eatre t\u00e9l\u00e9charg\u00e9 ici:<\/p>\t\t\t\t\t\t\t\t<\/div>\n\t\t\t\t<\/div>\n\t\t\t\t<div class=\"elementor-element elementor-element-8e1d5bc elementor-align-center elementor-widget elementor-widget-button\" data-id=\"8e1d5bc\" data-element_type=\"widget\" data-e-type=\"widget\" data-widget_type=\"button.default\">\n\t\t\t\t<div class=\"elementor-widget-container\">\n\t\t\t\t\t\t\t\t\t<div class=\"elementor-button-wrapper\">\n\t\t\t\t\t<a class=\"elementor-button elementor-button-link elementor-size-md\" href=\"https:\/\/www.marah.ch\/wp-content\/uploads\/2022\/03\/BonCadeau_MyMatGo_042022.pdf\" target=\"_blank\">\n\t\t\t\t\t\t<span class=\"elementor-button-content-wrapper\">\n\t\t\t\t\t\t\t\t\t<span class=\"elementor-button-text\">T\u00e9l\u00e9charger le bon<\/span>\n\t\t\t\t\t<\/span>\n\t\t\t\t\t<\/a>\n\t\t\t\t<\/div>\n\t\t\t\t\t\t\t\t<\/div>\n\t\t\t\t<\/div>\n\t\t\t\t<div class=\"elementor-element elementor-element-d791329 elementor-widget elementor-widget-text-editor\" data-id=\"d791329\" data-element_type=\"widget\" data-e-type=\"widget\" data-widget_type=\"text-editor.default\">\n\t\t\t\t<div class=\"elementor-widget-container\">\n\t\t\t\t\t\t\t\t\t<p>\u00a0<\/p><p>A tout bient\u00f4t<\/p><p>\u00a0<\/p><p><b>Rita Stark \u2013 Marah Productions<\/b><\/p>\t\t\t\t\t\t\t\t<\/div>\n\t\t\t\t<\/div>\n\t\t\t\t\t<\/div>\n\t\t<\/div>\n\t\t\t\t\t<\/div>\n\t\t<\/section>\n\t\t\t\t<\/div>\n\t\t","protected":false},"excerpt":{"rendered":"<p>Enfin, je vais pouvoir vous revoir, enfin les Salons ont rouvert leurs portes \u00e0 ceux qui s&rsquo;int\u00e9ressent \u00e0 leur bien-\u00eatre physique et moral. Du 22 au 24 avril 2022, je serai pr\u00e9sente au Salon des Th\u00e9rapies naturelles \u00e0 Morges. Pour c\u00e9l\u00e9brer cet \u00e9v\u00e9nement tant attendu, vous pourrez profiter de nombreuses r\u00e9ductions sur les aimants Marah. [&hellip;]<\/p>\n","protected":false},"author":1,"featured_media":295914,"comment_status":"open","ping_status":"open","sticky":false,"template":"","format":"standard","meta":{"_acf_changed":false,"footnotes":""},"categories":[701],"tags":[],"class_list":["post-295880","post","type-post","status-publish","format-standard","has-post-thumbnail","hentry","category-news-fr"],"acf":[],"_links":{"self":[{"href":"https:\/\/www.marah.ch\/fr\/wp-json\/wp\/v2\/posts\/295880","targetHints":{"allow":["GET"]}}],"collection":[{"href":"https:\/\/www.marah.ch\/fr\/wp-json\/wp\/v2\/posts"}],"about":[{"href":"https:\/\/www.marah.ch\/fr\/wp-json\/wp\/v2\/types\/post"}],"author":[{"embeddable":true,"href":"https:\/\/www.marah.ch\/fr\/wp-json\/wp\/v2\/users\/1"}],"replies":[{"embeddable":true,"href":"https:\/\/www.marah.ch\/fr\/wp-json\/wp\/v2\/comments?post=295880"}],"version-history":[{"count":12,"href":"https:\/\/www.marah.ch\/fr\/wp-json\/wp\/v2\/posts\/295880\/revisions"}],"predecessor-version":[{"id":295939,"href":"https:\/\/www.marah.ch\/fr\/wp-json\/wp\/v2\/posts\/295880\/revisions\/295939"}],"wp:featuredmedia":[{"embeddable":true,"href":"https:\/\/www.marah.ch\/fr\/wp-json\/wp\/v2\/media\/295914"}],"wp:attachment":[{"href":"https:\/\/www.marah.ch\/fr\/wp-json\/wp\/v2\/media?parent=295880"}],"wp:term":[{"taxonomy":"category","embeddable":true,"href":"https:\/\/www.marah.ch\/fr\/wp-json\/wp\/v2\/categories?post=295880"},{"taxonomy":"post_tag","embeddable":true,"href":"https:\/\/www.marah.ch\/fr\/wp-json\/wp\/v2\/tags?post=295880"}],"curies":[{"name":"wp","href":"https:\/\/api.w.org\/{rel}","templated":true}]}}